{"id":16348,"date":"2022-08-02T21:43:47","date_gmt":"2022-08-02T20:43:47","guid":{"rendered":"https:\/\/isced-huila.edu.ao\/prestation-de-serment-des-membres-du-conseil-scientifique-de-lisced-huila\/"},"modified":"2026-04-25T12:39:21","modified_gmt":"2026-04-25T11:39:21","slug":"prestation-de-serment-des-membres-du-conseil-scientifique-de-lisced-huila","status":"publish","type":"post","link":"https:\/\/isced-huila.edu.ao\/fr\/prestation-de-serment-des-membres-du-conseil-scientifique-de-lisced-huila\/","title":{"rendered":"Prestation de serment des membres du Conseil scientifique de l\u2019ISCED-Hu\u00edla"},"content":{"rendered":"\t\t<div data-elementor-type=\"wp-post\" data-elementor-id=\"16348\" class=\"elementor elementor-16348 elementor-4695\">\n\t\t\t\t\t\t<section class=\"elementor-section elementor-top-section elementor-element elementor-element-a0e2544 elementor-section-boxed elementor-section-height-default elementor-section-height-default\" data-id=\"a0e2544\" data-element_type=\"section\" data-e-type=\"section\">\n\t\t\t\t\t\t<div class=\"elementor-container elementor-column-gap-default\">\n\t\t\t\t\t<div class=\"elementor-column elementor-col-100 elementor-top-column elementor-element elementor-element-3d3e8b6\" data-id=\"3d3e8b6\" data-element_type=\"column\" data-e-type=\"column\">\n\t\t\t<div class=\"elementor-widget-wrap elementor-element-populated\">\n\t\t\t\t\t\t<div class=\"elementor-element elementor-element-d117e40 elementor-widget elementor-widget-text-editor\" data-id=\"d117e40\" data-element_type=\"widget\" data-e-type=\"widget\" data-widget_type=\"text-editor.default\">\n\t\t\t\t<div class=\"elementor-widget-container\">\n\t\t\t\t\t\t\t\t\t<p style=\"font-weight: 400;\">Le pr\u00e9sident du Conseil scientifique, Jos\u00e9 Ant\u00f3nio Fins, a pr\u00e9sid\u00e9, le lundi 1er ao\u00fbt de l\u2019ann\u00e9e en cours, dans la Salle Magna, la c\u00e9r\u00e9monie de prestation de serment des nouveaux membres du Conseil scientifique de l\u2019ISCED-HU\u00cdLA.<\/p><p style=\"font-weight: 400;\">Au total, 31 membres ont \u00e9t\u00e9 d\u00e9sign\u00e9s<\/p><ul><li>Ad\u00e9lia de Jesus do Ros\u00e1rio Tyova Benjamim<\/li><li>Alexandre Lucas Selombo Sakukuma<\/li><li>Alfredo Pena Ricardo<\/li><li>Alice Inoc\u00eancio<\/li><li>Amadeu Ant\u00f3nio Paulo<\/li><li>Ant\u00f3nia Maria Oliveira<\/li><li>Ant\u00f3nio Valter Chisingui<\/li><li>Augusto Moura Rasga<\/li><li>Bernardo Filipe Matias<\/li><li>Boaventura Beleza dos Santos Nolasco<\/li><li>Camilo Laagel<\/li><li>Domingos Ndala<\/li><li>Eug\u00eanio Jos\u00e9 Manuel<\/li><li>Eug\u00e9nio Namuele Guli<\/li><li>Francisco Maiato Pedro Gon\u00e7alves<\/li><li>H\u00e9lder Pedro Alicerces Bah\u00fa<\/li><li>H\u00e9lder Rodrigues Mauinga<\/li><li>Jo\u00e3o Pedro Kessongo<\/li><li>Joaquim Sapalo Castilho Cacumba<\/li><li>Jorge Manuel de Sousa Chaves<\/li><li>Jorge Maria Gon\u00e7alves Mayer<\/li><li>Jos\u00e9 Ant\u00f3nio Fins<\/li><li>Jos\u00e9 Lu\u00eds Mateus Alexandre<\/li><li>J\u00falio Domingos Jo\u00e3o<\/li><li>Maria Candeia kuliakita Sakukuma<\/li><li>Narcisio F\u00e9lix Nhulilivale<\/li><li>Zeferino Manuel Saldanha<\/li><li>Lopo Ferreira<\/li><li>Vladi S\u00e9nio Pereira Ribeiro<\/li><li>Piedade Martins Wachilala<\/li><li>Rosa de Lima<\/li><\/ul><p style=\"font-weight: 400;\">Le pr\u00e9sident a adress\u00e9 un avertissement aux nouveaux membres, les invitant \u00e0 r\u00e9fl\u00e9chir \u00e0 la qualit\u00e9 de la conduite scientifique dont ils se sont distingu\u00e9s ; il a \u00e9galement fait r\u00e9f\u00e9rence aux nouveaux cursus mis en place et a recommand\u00e9 l\u2019\u00e9valuation et la r\u00e9vision de l\u2019ensemble des processus normatifs de l\u2019ISCED-HU\u00cdLA.<\/p>\t\t\t\t\t\t\t\t<\/div>\n\t\t\t\t<\/div>\n\t\t\t\t\t<\/div>\n\t\t<\/div>\n\t\t\t\t\t<\/div>\n\t\t<\/section>\n\t\t\t\t<section class=\"elementor-section elementor-top-section elementor-element elementor-element-1606615 elementor-section-boxed elementor-section-height-default elementor-section-height-default\" data-id=\"1606615\" data-element_type=\"section\" data-e-type=\"section\">\n\t\t\t\t\t\t<div class=\"elementor-container elementor-column-gap-default\">\n\t\t\t\t\t<div class=\"elementor-column elementor-col-100 elementor-top-column elementor-element elementor-element-16220e8\" data-id=\"16220e8\" data-element_type=\"column\" data-e-type=\"column\">\n\t\t\t<div class=\"elementor-widget-wrap elementor-element-populated\">\n\t\t\t\t\t\t<div class=\"elementor-element elementor-element-f6a610a elementor-widget elementor-widget-gallery\" data-id=\"f6a610a\" data-element_type=\"widget\" data-e-type=\"widget\" data-widget_type=\"gallery.default\">\n\t\t\t\t<div class=\"elementor-widget-container\">\n\t\t\t\t\t \t\t\t\t<\/div>\n\t\t\t\t<\/div>\n\t\t\t\t\t<\/div>\n\t\t<\/div>\n\t\t\t\t\t<\/div>\n\t\t<\/section>\n\t\t\t\t<\/div>\n\t\t","protected":false},"excerpt":{"rendered":"<p>Le pr\u00e9sident du Conseil scientifique, Jos\u00e9 Ant\u00f3nio Fins, a pr\u00e9sid\u00e9, le lundi 1er ao\u00fbt de l\u2019ann\u00e9e en cours, dans la Salle Magna, la c\u00e9r\u00e9monie de prestation de serment des nouveaux [&hellip;]<\/p>\n","protected":false},"author":1,"featured_media":16349,"comment_status":"closed","ping_status":"open","sticky":false,"template":"","format":"standard","meta":{"om_disable_all_campaigns":false,"_monsterinsights_skip_tracking":false,"_monsterinsights_sitenote_active":false,"_monsterinsights_sitenote_note":"","_monsterinsights_sitenote_category":0,"_price":"","_stock":"","_tribe_ticket_header":"","_tribe_default_ticket_provider":"","_tribe_ticket_capacity":"","_ticket_start_date":"","_ticket_end_date":"","_tribe_ticket_show_description":"","_tribe_ticket_show_not_going":false,"_tribe_ticket_use_global_stock":"","_tribe_ticket_global_stock_level":"","_global_stock_mode":"","_global_stock_cap":"","_tribe_rsvp_for_event":"","_tribe_ticket_going_count":"","_tribe_ticket_not_going_count":"","_tribe_tickets_list":"[]","_tribe_ticket_has_attendee_info_fields":false,"footnotes":"","_rishi_post_view_count":3},"categories":[85],"tags":[],"class_list":["post-16348","post","type-post","status-publish","format-standard","has-post-thumbnail","hentry","category-non-classe","rishi-post"],"rishi__cb_customizer_meta":"","aioseo_notices":[],"comments_count":"0","jetpack_featured_media_url":"https:\/\/isced-huila.edu.ao\/wp-content\/uploads\/2022\/08\/WhatsApp-Image-2022-08-02-at-16.12.40.jpeg","publishpress_future_action":{"enabled":false,"date":"2026-05-06 09:18:59","action":"change-status","newStatus":"draft","terms":[],"taxonomy":"category","extraData":[]},"publishpress_future_workflow_manual_trigger":{"enabledWorkflows":[]},"_links":{"self":[{"href":"https:\/\/isced-huila.edu.ao\/fr\/wp-json\/wp\/v2\/posts\/16348","targetHints":{"allow":["GET"]}}],"collection":[{"href":"https:\/\/isced-huila.edu.ao\/fr\/wp-json\/wp\/v2\/posts"}],"about":[{"href":"https:\/\/isced-huila.edu.ao\/fr\/wp-json\/wp\/v2\/types\/post"}],"author":[{"embeddable":true,"href":"https:\/\/isced-huila.edu.ao\/fr\/wp-json\/wp\/v2\/users\/1"}],"replies":[{"embeddable":true,"href":"https:\/\/isced-huila.edu.ao\/fr\/wp-json\/wp\/v2\/comments?post=16348"}],"version-history":[{"count":1,"href":"https:\/\/isced-huila.edu.ao\/fr\/wp-json\/wp\/v2\/posts\/16348\/revisions"}],"predecessor-version":[{"id":16354,"href":"https:\/\/isced-huila.edu.ao\/fr\/wp-json\/wp\/v2\/posts\/16348\/revisions\/16354"}],"wp:featuredmedia":[{"embeddable":true,"href":"https:\/\/isced-huila.edu.ao\/fr\/wp-json\/wp\/v2\/media\/16349"}],"wp:attachment":[{"href":"https:\/\/isced-huila.edu.ao\/fr\/wp-json\/wp\/v2\/media?parent=16348"}],"wp:term":[{"taxonomy":"category","embeddable":true,"href":"https:\/\/isced-huila.edu.ao\/fr\/wp-json\/wp\/v2\/categories?post=16348"},{"taxonomy":"post_tag","embeddable":true,"href":"https:\/\/isced-huila.edu.ao\/fr\/wp-json\/wp\/v2\/tags?post=16348"}],"curies":[{"name":"wp","href":"https:\/\/api.w.org\/{rel}","templated":true}]}}