{"id":16333,"date":"2022-04-12T16:56:23","date_gmt":"2022-04-12T15:56:23","guid":{"rendered":"https:\/\/isced-huila.edu.ao\/ceremonie-de-remise-des-diplomes-aux-masters-et-licencies-2022\/"},"modified":"2026-04-25T12:38:53","modified_gmt":"2026-04-25T11:38:53","slug":"ceremonie-de-remise-des-diplomes-aux-masters-et-licencies-2022","status":"publish","type":"post","link":"https:\/\/isced-huila.edu.ao\/fr\/ceremonie-de-remise-des-diplomes-aux-masters-et-licencies-2022\/","title":{"rendered":"C\u00e9r\u00e9monie de remise des dipl\u00f4mes aux masters et licenci\u00e9s 2022"},"content":{"rendered":"\t\t<div data-elementor-type=\"wp-post\" data-elementor-id=\"16333\" class=\"elementor elementor-16333 elementor-4412\">\n\t\t\t\t\t\t<section class=\"elementor-section elementor-top-section elementor-element elementor-element-391c78f elementor-section-boxed elementor-section-height-default elementor-section-height-default\" data-id=\"391c78f\" data-element_type=\"section\" data-e-type=\"section\">\n\t\t\t\t\t\t<div class=\"elementor-container elementor-column-gap-default\">\n\t\t\t\t\t<div class=\"elementor-column elementor-col-100 elementor-top-column elementor-element elementor-element-b748e39\" data-id=\"b748e39\" data-element_type=\"column\" data-e-type=\"column\">\n\t\t\t<div class=\"elementor-widget-wrap elementor-element-populated\">\n\t\t\t\t\t\t<section class=\"elementor-section elementor-inner-section elementor-element elementor-element-7da03f9 elementor-section-boxed elementor-section-height-default elementor-section-height-default\" data-id=\"7da03f9\" data-element_type=\"section\" data-e-type=\"section\">\n\t\t\t\t\t\t<div class=\"elementor-container elementor-column-gap-default\">\n\t\t\t\t\t<div class=\"elementor-column elementor-col-50 elementor-inner-column elementor-element elementor-element-53304d0\" data-id=\"53304d0\" data-element_type=\"column\" data-e-type=\"column\">\n\t\t\t<div class=\"elementor-widget-wrap elementor-element-populated\">\n\t\t\t\t\t\t<div class=\"elementor-element elementor-element-682b3f2 elementor-widget elementor-widget-text-editor\" data-id=\"682b3f2\" data-element_type=\"widget\" data-e-type=\"widget\" data-widget_type=\"text-editor.default\">\n\t\t\t\t<div class=\"elementor-widget-container\">\n\t\t\t\t\t\t\t\t\t<p>L\u2019Institut Sup\u00e9rieur des Sciences de l\u2019\u00c9ducation de Hu\u00edla (ISCED-Hu\u00edla) a d\u00e9cern\u00e9 ce lundi 11 avril de l\u2019ann\u00e9e en cours, au pavillon polyvalent de Nossa Sr.\u00aa do Monte, un total de <strong>1 140<\/strong> licences et <strong>134<\/strong> masters dans divers cursus et domaines, afin de permettre un nouveau renforcement du march\u00e9 du travail.<\/p><p> <\/p>\t\t\t\t\t\t\t\t<\/div>\n\t\t\t\t<\/div>\n\t\t\t\t\t<\/div>\n\t\t<\/div>\n\t\t\t\t<div class=\"elementor-column elementor-col-50 elementor-inner-column elementor-element elementor-element-1f9347c\" data-id=\"1f9347c\" data-element_type=\"column\" data-e-type=\"column\">\n\t\t\t<div class=\"elementor-widget-wrap elementor-element-populated\">\n\t\t\t\t\t\t<div class=\"elementor-element elementor-element-41d528e elementor-widget elementor-widget-image\" data-id=\"41d528e\" data-element_type=\"widget\" data-e-type=\"widget\" data-widget_type=\"image.default\">\n\t\t\t\t<div class=\"elementor-widget-container\">\n\t\t\t\t\t\t\t\t\t\t\t\t\t\t\t<img fetchpriority=\"high\" decoding=\"async\" width=\"640\" height=\"427\" src=\"https:\/\/isced-huila.edu.ao\/wp-content\/uploads\/2022\/04\/Outorga2022001.png\" class=\"attachment-full size-full wp-image-15354\" alt=\"\" srcset=\"https:\/\/isced-huila.edu.ao\/wp-content\/uploads\/2022\/04\/Outorga2022001.png 640w, https:\/\/isced-huila.edu.ao\/wp-content\/uploads\/2022\/04\/Outorga2022001-300x200.png 300w, https:\/\/isced-huila.edu.ao\/wp-content\/uploads\/2022\/04\/Outorga2022001-600x400.png 600w, https:\/\/isced-huila.edu.ao\/wp-content\/uploads\/2022\/04\/Outorga2022001-343x229.png 343w\" sizes=\"(max-width: 640px) 100vw, 640px\" \/>\t\t\t\t\t\t\t\t\t\t\t\t\t\t\t<\/div>\n\t\t\t\t<\/div>\n\t\t\t\t\t<\/div>\n\t\t<\/div>\n\t\t\t\t\t<\/div>\n\t\t<\/section>\n\t\t\t\t<div class=\"elementor-element elementor-element-719d129 elementor-drop-cap-yes elementor-drop-cap-view-default elementor-widget elementor-widget-text-editor\" data-id=\"719d129\" data-element_type=\"widget\" data-e-type=\"widget\" data-settings=\"{&quot;drop_cap&quot;:&quot;yes&quot;}\" data-widget_type=\"text-editor.default\">\n\t\t\t\t<div class=\"elementor-widget-container\">\n\t\t\t\t\t\t\t\t\t<p>Lors d\u2019un \u00e9v\u00e9nement prestigieux, Son Excellence le Vice-Gouverneur <strong>H\u00e9lio de Almeida<\/strong> s\u2019est adress\u00e9 aux dipl\u00f4m\u00e9s pour leur souhaiter plein de succ\u00e8s dans leur vie professionnelle ; avec des mots motivants, il a \u00e9galement d\u00e9clar\u00e9 qu\u2019il s\u2019agissait d\u2019un gain majeur pour la province de Hu\u00edla et a f\u00e9licit\u00e9 les nouveaux dipl\u00f4m\u00e9s et post-gradu\u00e9s pour cette grande r\u00e9ussite.<\/p><p>Les licenci\u00e9s et masters ont re\u00e7u le message d\u2019accueil du Directeur g\u00e9n\u00e9ral de l\u2019ISCED-Hu\u00edla, le Professeur titulaire <strong>Jos\u00e9 Mateus Lu\u00eds Alexandre<\/strong> : \u00ab Aujourd\u2019hui est un jour de grande r\u00e9jouissance, un jour tr\u00e8s sp\u00e9cial pour notre institution, car un nouveau groupe d\u2019\u00e9tudiants va recevoir ses dipl\u00f4mes de premier et de second cycle. Je tiens \u00e0 adresser aux dipl\u00f4m\u00e9s, au nom de toute la communaut\u00e9 iscedienne, mes plus vives f\u00e9licitations. Je remercie vos directeurs de m\u00e9moire, vos familles et vos amis pour l\u2019attention et le soutien inconditionnel apport\u00e9s tout au long de vos \u00e9tudes. Je voudrais \u00e9galement exprimer ma gratitude envers la communaut\u00e9 et le gouvernement provincial de Hu\u00edla pour leur soutien constant au d\u00e9veloppement de l\u2019ISCED-Hu\u00edla ; la formation de cadres qualifi\u00e9s issue de notre travail z\u00e9l\u00e9 et d\u2019excellence constitue la r\u00e9ponse concr\u00e8te aux soutiens re\u00e7us. \u00bb<\/p><p><img decoding=\"async\" src=\"https:\/\/isced-huila.ed.ao\/wp-content\/uploads\/2022\/04\/Outorga2022004-300x200.png\" alt=\"\" width=\"300\" height=\"200\"><img decoding=\"async\" src=\"https:\/\/isced-huila.ed.ao\/wp-content\/uploads\/2022\/04\/Outorga2022002-300x200.png\" alt=\"\" width=\"300\" height=\"200\"><\/p><p><span style=\"font-size: 12.0pt; line-height: 115%; font-family: 'Arial','sans-serif'; color: #1d2129; background: white;\">Le Directeur g\u00e9n\u00e9ral a \u00e9galement soulign\u00e9 que le succ\u00e8s des cursus de licence et de post-graduation <\/span><span style=\"font-size: 12.0pt; line-height: 115%; font-family: 'Arial','sans-serif'; color: #1d2129; background: white;\"><span style=\"font-size: 12.0pt; line-height: 115%; font-family: 'Arial','sans-serif'; color: #1d2129; background: white;\">est fondamental et <\/span>repr\u00e9sente le potentiel maximal d\u2019une institution d\u2019excellence, raison pour laquelle l\u2019institution avance \u00e0 grands pas dans la promotion et la cr\u00e9ation de formations de haut niveau.<span style=\"mso-spacerun: yes;\">  <\/span><span style=\"mso-spacerun: yes;\"><br><\/span><\/span> <\/p><p><span style=\"font-size: 12.0pt; line-height: 115%; font-family: 'Arial','sans-serif'; color: #1d2129; background: white;\">Les dipl\u00f4m\u00e9s se sont exprim\u00e9s par la voix de la Ma\u00eetre <b style=\"mso-bidi-font-weight: normal;\">Rodmira Nanga<\/b> : \u00ab Parler de notre parcours acad\u00e9mique, c\u2019est faire la r\u00e9trospective d\u2019une longue \u00e9tape qui, au d\u00e9but, n\u2019\u00e9tait qu\u2019une option, mais qui s\u2019est transform\u00e9e avec le temps en un projet de vie ; un parcours marqu\u00e9 par des incertitudes et des frustrations normales tout au long du processus de formation pour l\u2019obtention de la licence et du master. \u00bb<\/span><\/p><p><span style=\"font-size: 12.0pt; line-height: 115%; font-family: 'Arial','sans-serif'; color: #1d2129; background: white;\">Les dipl\u00f4m\u00e9s ont adress\u00e9 leurs remerciements \u00e0 la Direction g\u00e9n\u00e9rale pour avoir fourni les conditions essentielles ayant<br>permis d\u2019atteindre les objectifs de formation pour chacun des cursus dispens\u00e9s ; ils ont \u00e9galement sugg\u00e9r\u00e9 des am\u00e9liorations des services Internet \u00e0 haut d\u00e9bit afin de favoriser la r\u00e9ussite du processus d\u2019enseignement et d\u2019apprentissage de l\u2019<br>ISCED-Hu\u00edla.<\/span><span style=\"font-size: 12.0pt; line-height: 115%; font-family: 'Arial','sans-serif'; color: #1d2129; background: white;\"><span style=\"mso-spacerun: yes;\"> <\/span><\/span><\/p>\t\t\t\t\t\t\t\t<\/div>\n\t\t\t\t<\/div>\n\t\t\t\t\t<\/div>\n\t\t<\/div>\n\t\t\t\t\t<\/div>\n\t\t<\/section>\n\t\t\t\t<\/div>\n\t\t","protected":false},"excerpt":{"rendered":"<p>L\u2019Institut Sup\u00e9rieur des Sciences de l\u2019\u00c9ducation de Hu\u00edla (ISCED-Hu\u00edla) a d\u00e9cern\u00e9 ce lundi 11 avril de l\u2019ann\u00e9e en cours, au pavillon polyvalent de Nossa Sr.\u00aa do Monte, un total de [&hellip;]<\/p>\n","protected":false},"author":1,"featured_media":15350,"comment_status":"closed","ping_status":"closed","sticky":false,"template":"","format":"standard","meta":{"om_disable_all_campaigns":false,"_monsterinsights_skip_tracking":false,"_monsterinsights_sitenote_active":false,"_monsterinsights_sitenote_note":"","_monsterinsights_sitenote_category":0,"_price":"","_stock":"","_tribe_ticket_header":"","_tribe_default_ticket_provider":"","_tribe_ticket_capacity":"","_ticket_start_date":"","_ticket_end_date":"","_tribe_ticket_show_description":"","_tribe_ticket_show_not_going":false,"_tribe_ticket_use_global_stock":"","_tribe_ticket_global_stock_level":"","_global_stock_mode":"","_global_stock_cap":"","_tribe_rsvp_for_event":"","_tribe_ticket_going_count":"","_tribe_ticket_not_going_count":"","_tribe_tickets_list":"[]","_tribe_ticket_has_attendee_info_fields":false,"footnotes":"","_rishi_post_view_count":4},"categories":[85],"tags":[],"class_list":["post-16333","post","type-post","status-publish","format-standard","has-post-thumbnail","hentry","category-non-classe","rishi-post"],"rishi__cb_customizer_meta":"","aioseo_notices":[],"comments_count":"0","jetpack_featured_media_url":"https:\/\/isced-huila.edu.ao\/wp-content\/uploads\/2022\/04\/Outorga2022005.jpeg","publishpress_future_action":{"enabled":false,"date":"2026-05-06 09:16:30","action":"change-status","newStatus":"draft","terms":[],"taxonomy":"category","extraData":[]},"publishpress_future_workflow_manual_trigger":{"enabledWorkflows":[]},"_links":{"self":[{"href":"https:\/\/isced-huila.edu.ao\/fr\/wp-json\/wp\/v2\/posts\/16333","targetHints":{"allow":["GET"]}}],"collection":[{"href":"https:\/\/isced-huila.edu.ao\/fr\/wp-json\/wp\/v2\/posts"}],"about":[{"href":"https:\/\/isced-huila.edu.ao\/fr\/wp-json\/wp\/v2\/types\/post"}],"author":[{"embeddable":true,"href":"https:\/\/isced-huila.edu.ao\/fr\/wp-json\/wp\/v2\/users\/1"}],"replies":[{"embeddable":true,"href":"https:\/\/isced-huila.edu.ao\/fr\/wp-json\/wp\/v2\/comments?post=16333"}],"version-history":[{"count":1,"href":"https:\/\/isced-huila.edu.ao\/fr\/wp-json\/wp\/v2\/posts\/16333\/revisions"}],"predecessor-version":[{"id":16334,"href":"https:\/\/isced-huila.edu.ao\/fr\/wp-json\/wp\/v2\/posts\/16333\/revisions\/16334"}],"wp:featuredmedia":[{"embeddable":true,"href":"https:\/\/isced-huila.edu.ao\/fr\/wp-json\/wp\/v2\/media\/15350"}],"wp:attachment":[{"href":"https:\/\/isced-huila.edu.ao\/fr\/wp-json\/wp\/v2\/media?parent=16333"}],"wp:term":[{"taxonomy":"category","embeddable":true,"href":"https:\/\/isced-huila.edu.ao\/fr\/wp-json\/wp\/v2\/categories?post=16333"},{"taxonomy":"post_tag","embeddable":true,"href":"https:\/\/isced-huila.edu.ao\/fr\/wp-json\/wp\/v2\/tags?post=16333"}],"curies":[{"name":"wp","href":"https:\/\/api.w.org\/{rel}","templated":true}]}}